{"id":134,"date":"2015-11-18T14:20:17","date_gmt":"2015-11-18T13:20:17","guid":{"rendered":"http:\/\/obzor.orlicemb.cz\/subdom\/obzor\/?p=134"},"modified":"2015-11-18T15:44:13","modified_gmt":"2015-11-18T14:44:13","slug":"brigada-na-taboristi","status":"publish","type":"post","link":"https:\/\/obzor.orlicemb.cz\/subdom\/obzor\/brigada-na-taboristi\/","title":{"rendered":"Brig\u00e1da na t\u00e1bo\u0159i\u0161ti"},"content":{"rendered":"<p>O minul\u00e9m v\u00edkendu se vydali rove\u0159i z na\u0161eho st\u0159ediska do srdce \u010desk\u00e9 Kanady, aby pomohli Martinovi (majiteli pozemk\u016f, ne kter\u00fdch v l\u00e9t\u011b t\u00e1bo\u0159\u00edme) s pr\u016fsekem hr\u00e1ze rybn\u00edka Ka\u010der.<br \/>\nP\u0159i p\u0159\u00edjezdu na m\u00edsto se n\u00e1m naskytl v\u00fdhled na p\u00eds\u010dit\u00e9 dno rybn\u00edka a hausb\u00f3t stoj\u00edc\u00ed na k\u016flech asi metr nad zem\u00ed. I kdy\u017e n\u00e1m po\u010das\u00ed z r\u00e1na moc nep\u0159\u00e1lo pustili jsme se do pr\u00e1ce. Stoupa s Br\u0165ou k\u00e1celi motorov\u00fdmi pilami ozna\u010den\u00e9 stromy, kter\u00fdmi byly p\u0159ev\u00e1\u017en\u011b b\u0159\u00edzy, a my nosili na\u0159ezan\u00e9 dvoumetrov\u00e9 kusy za hr\u00e1z, kde z nich tvo\u0159ili hromady podle druhu d\u0159eva. Po ob\u011bdov\u00e9 pauze se po\u010das\u00ed zlep\u0161ilo a hned se n\u00e1m pracovalo l\u00e9pe. Pr\u00e1ci jsme dokon\u010dili p\u0159ed setm\u011bn\u00edm a kolem p\u00e1t\u00e9 jsme odjeli p\u0159espat do St\u00e1lkova. Po ve\u010de\u0159i jsme debatovali o n\u00e1sleduj\u00edc\u00edch roversk\u00fdch akc\u00edch a hr\u00e1li karty \u201eO blba z\u00e1jezdu\u201c.<br \/>\nBrig\u00e1dy se z\u00fa\u010dastnili: Stoupa, Br\u0165a, Tyki, Pard\u00e1l, Steve, Earl, Kuba, Schwanz a psi Lexinka s Arinkou.<\/p>\n<div data-carousel-extra='{\"blog_id\":1,\"permalink\":\"https:\\\/\\\/obzor.orlicemb.cz\\\/subdom\\\/obzor\\\/brigada-na-taboristi\\\/\"}' class=\"tiled-gallery type-rectangular\" data-original-width=\"680\"><div class=\"gallery-row\" style=\"width: 675px; height: 298px;\"><div class=\"gallery-group images-1\" style=\"width: 451px; height: 302px;\"><div class=\"tiled-gallery-item tiled-gallery-item-large\"><a href=\"https:\/\/obzor.orlicemb.cz\/subdom\/obzor\/brigada-na-taboristi\/dsc_0033dramatic\/\"><img loading=\"lazy\" decoding=\"async\" data-attachment-id=\"135\" data-orig-file=\"https:\/\/obzor.orlicemb.cz\/subdom\/obzor\/wp-content\/uploads\/2015\/11\/DSC_0033dramatic.jpg\" data-orig-size=\"3711,2474\" data-comments-opened=\"1\" data-image-meta=\"{&quot;aperture&quot;:&quot;5.6&quot;,&quot;credit&quot;:&quot;&quot;,&quot;camera&quot;:&quot;NIKON D3100&quot;,&quot;caption&quot;:&quot;&quot;,&quot;created_timestamp&quot;:&quot;1446888513&quot;,&quot;copyright&quot;:&quot;&quot;,&quot;focal_length&quot;:&quot;18&quot;,&quot;iso&quot;:&quot;200&quot;,&quot;shutter_speed&quot;:&quot;0.008&quot;,&quot;title&quot;:&quot;&quot;,&quot;orientation&quot;:&quot;1&quot;}\" data-image-title=\"Vypu\u0161t\u011bn\u00fd Walden\" data-image-description=\"\" data-medium-file=\"https:\/\/obzor.orlicemb.cz\/subdom\/obzor\/wp-content\/uploads\/2015\/11\/DSC_0033dramatic-300x200.jpg\" data-large-file=\"https:\/\/obzor.orlicemb.cz\/subdom\/obzor\/wp-content\/uploads\/2015\/11\/DSC_0033dramatic-1024x683.jpg\" src=\"https:\/\/obzor.orlicemb.cz\/subdom\/obzor\/wp-content\/uploads\/2015\/11\/DSC_0033dramatic-447x298.jpg\" width=\"447\" height=\"298\" align=\"left\" title=\"Vypu\u0161t\u011bn\u00fd Walden\" \/><\/a><div class=\"tiled-gallery-caption\">N\u011bkdo m\u011bl depresivn\u00ed r\u00e1no<\/div><\/div><\/div><div class=\"gallery-group images-2\" style=\"width: 224px; height: 302px;\"><div class=\"tiled-gallery-item tiled-gallery-item-small\"><a href=\"https:\/\/obzor.orlicemb.cz\/subdom\/obzor\/brigada-na-taboristi\/dsc_0038\/\"><img loading=\"lazy\" decoding=\"async\" data-attachment-id=\"136\" data-orig-file=\"https:\/\/obzor.orlicemb.cz\/subdom\/obzor\/wp-content\/uploads\/2015\/11\/DSC_0038.jpg\" data-orig-size=\"4185,2790\" data-comments-opened=\"1\" data-image-meta=\"{&quot;aperture&quot;:&quot;4.5&quot;,&quot;credit&quot;:&quot;&quot;,&quot;camera&quot;:&quot;NIKON D3100&quot;,&quot;caption&quot;:&quot;&quot;,&quot;created_timestamp&quot;:&quot;1446896339&quot;,&quot;copyright&quot;:&quot;&quot;,&quot;focal_length&quot;:&quot;18&quot;,&quot;iso&quot;:&quot;400&quot;,&quot;shutter_speed&quot;:&quot;0.0125&quot;,&quot;title&quot;:&quot;&quot;,&quot;orientation&quot;:&quot;1&quot;}\" data-image-title=\"Sva\u010dina\" data-image-description=\"\" data-medium-file=\"https:\/\/obzor.orlicemb.cz\/subdom\/obzor\/wp-content\/uploads\/2015\/11\/DSC_0038-300x200.jpg\" data-large-file=\"https:\/\/obzor.orlicemb.cz\/subdom\/obzor\/wp-content\/uploads\/2015\/11\/DSC_0038-1024x683.jpg\" src=\"https:\/\/obzor.orlicemb.cz\/subdom\/obzor\/wp-content\/uploads\/2015\/11\/DSC_0038-220x147.jpg\" width=\"220\" height=\"147\" align=\"left\" title=\"Sva\u010dina\" \/><\/a><div class=\"tiled-gallery-caption\">Sva\u010dina v\u0161ak v\u0161e spravila<\/div><\/div><div class=\"tiled-gallery-item tiled-gallery-item-small\"><a href=\"https:\/\/obzor.orlicemb.cz\/subdom\/obzor\/brigada-na-taboristi\/dsc_0045\/\"><img loading=\"lazy\" decoding=\"async\" data-attachment-id=\"137\" data-orig-file=\"https:\/\/obzor.orlicemb.cz\/subdom\/obzor\/wp-content\/uploads\/2015\/11\/DSC_0045.jpg\" data-orig-size=\"4608,3072\" data-comments-opened=\"1\" data-image-meta=\"{&quot;aperture&quot;:&quot;3.5&quot;,&quot;credit&quot;:&quot;&quot;,&quot;camera&quot;:&quot;NIKON D3100&quot;,&quot;caption&quot;:&quot;&quot;,&quot;created_timestamp&quot;:&quot;1446933959&quot;,&quot;copyright&quot;:&quot;&quot;,&quot;focal_length&quot;:&quot;18&quot;,&quot;iso&quot;:&quot;1250&quot;,&quot;shutter_speed&quot;:&quot;0.066666666666667&quot;,&quot;title&quot;:&quot;&quot;,&quot;orientation&quot;:&quot;1&quot;}\" data-image-title=\"Karty\" data-image-description=\"\" data-medium-file=\"https:\/\/obzor.orlicemb.cz\/subdom\/obzor\/wp-content\/uploads\/2015\/11\/DSC_0045-300x200.jpg\" data-large-file=\"https:\/\/obzor.orlicemb.cz\/subdom\/obzor\/wp-content\/uploads\/2015\/11\/DSC_0045-1024x683.jpg\" src=\"https:\/\/obzor.orlicemb.cz\/subdom\/obzor\/wp-content\/uploads\/2015\/11\/DSC_0045-220x147.jpg\" width=\"220\" height=\"147\" align=\"left\" title=\"Karty\" \/><\/a><div class=\"tiled-gallery-caption\">Ve\u010der zachra\u0148ovala na\u0161e obl\u00edben\u00e1 hra &#8222;O blba z\u00e1jezdu&#8220;<\/div><\/div><\/div><\/div><div class=\"gallery-row\" style=\"width: 675px; height: 447px;\"><div class=\"gallery-group images-1\" style=\"width: 675px; height: 451px;\"><div class=\"tiled-gallery-item tiled-gallery-item-large\"><a href=\"https:\/\/obzor.orlicemb.cz\/subdom\/obzor\/brigada-na-taboristi\/dsc_0060a\/\"><img loading=\"lazy\" decoding=\"async\" data-attachment-id=\"138\" data-orig-file=\"https:\/\/obzor.orlicemb.cz\/subdom\/obzor\/wp-content\/uploads\/2015\/11\/DSC_0060a.jpg\" data-orig-size=\"4608,3072\" data-comments-opened=\"1\" data-image-meta=\"{&quot;aperture&quot;:&quot;8&quot;,&quot;credit&quot;:&quot;&quot;,&quot;camera&quot;:&quot;NIKON D3100&quot;,&quot;caption&quot;:&quot;&quot;,&quot;created_timestamp&quot;:&quot;1446981982&quot;,&quot;copyright&quot;:&quot;&quot;,&quot;focal_length&quot;:&quot;50&quot;,&quot;iso&quot;:&quot;400&quot;,&quot;shutter_speed&quot;:&quot;0.016666666666667&quot;,&quot;title&quot;:&quot;&quot;,&quot;orientation&quot;:&quot;1&quot;}\" data-image-title=\"Fotka p\u0159ed z\u00e1kladnou\" data-image-description=\"\" data-medium-file=\"https:\/\/obzor.orlicemb.cz\/subdom\/obzor\/wp-content\/uploads\/2015\/11\/DSC_0060a-300x200.jpg\" data-large-file=\"https:\/\/obzor.orlicemb.cz\/subdom\/obzor\/wp-content\/uploads\/2015\/11\/DSC_0060a-1024x683.jpg\" src=\"https:\/\/obzor.orlicemb.cz\/subdom\/obzor\/wp-content\/uploads\/2015\/11\/DSC_0060a-671x447.jpg\" width=\"671\" height=\"447\" align=\"left\" title=\"Fotka p\u0159ed z\u00e1kladnou\" \/><\/a><div class=\"tiled-gallery-caption\">Odj\u00ed\u017ed\u011bli jsme spokojen\u00ed<\/div><\/div><\/div><\/div><\/div>\n<p>Zbytek fotek v na\u0161\u00ed galerii \ud83d\ude09<\/p>\n<p style=\"text-align: right;\">Luk\u00e1\u0161 Brhl\u00edk &#8211; Earl<\/p>\n","protected":false},"excerpt":{"rendered":"<p>O minul\u00e9m v\u00edkendu se vydali rove\u0159i z na\u0161eho st\u0159ediska do srdce \u010desk\u00e9 Kanady, aby pomohli Martinovi (majiteli pozemk\u016f, ne kter\u00fdch v l\u00e9t\u011b t\u00e1bo\u0159\u00edme) s pr\u016fsekem hr\u00e1ze rybn\u00edka Ka\u010der. P\u0159i p\u0159\u00edjezdu na m\u00edsto se n\u00e1m naskytl v\u00fdhled na p\u00eds\u010dit\u00e9 dno rybn\u00edka a hausb\u00f3t stoj\u00edc\u00ed na k\u016flech asi metr nad zem\u00ed. I kdy\u017e n\u00e1m po\u010das\u00ed z r\u00e1na [&hellip;]<\/p>\n","protected":false},"author":2,"featured_media":138,"comment_status":"open","ping_status":"open","sticky":false,"template":"","format":"standard","meta":{"footnotes":""},"categories":[1],"tags":[],"class_list":["post-134","post","type-post","status-publish","format-standard","has-post-thumbnail","hentry","category-nezarazene"],"acf":[],"_links":{"self":[{"href":"https:\/\/obzor.orlicemb.cz\/subdom\/obzor\/wp-json\/wp\/v2\/posts\/134","targetHints":{"allow":["GET"]}}],"collection":[{"href":"https:\/\/obzor.orlicemb.cz\/subdom\/obzor\/wp-json\/wp\/v2\/posts"}],"about":[{"href":"https:\/\/obzor.orlicemb.cz\/subdom\/obzor\/wp-json\/wp\/v2\/types\/post"}],"author":[{"embeddable":true,"href":"https:\/\/obzor.orlicemb.cz\/subdom\/obzor\/wp-json\/wp\/v2\/users\/2"}],"replies":[{"embeddable":true,"href":"https:\/\/obzor.orlicemb.cz\/subdom\/obzor\/wp-json\/wp\/v2\/comments?post=134"}],"version-history":[{"count":4,"href":"https:\/\/obzor.orlicemb.cz\/subdom\/obzor\/wp-json\/wp\/v2\/posts\/134\/revisions"}],"predecessor-version":[{"id":156,"href":"https:\/\/obzor.orlicemb.cz\/subdom\/obzor\/wp-json\/wp\/v2\/posts\/134\/revisions\/156"}],"wp:featuredmedia":[{"embeddable":true,"href":"https:\/\/obzor.orlicemb.cz\/subdom\/obzor\/wp-json\/wp\/v2\/media\/138"}],"wp:attachment":[{"href":"https:\/\/obzor.orlicemb.cz\/subdom\/obzor\/wp-json\/wp\/v2\/media?parent=134"}],"wp:term":[{"taxonomy":"category","embeddable":true,"href":"https:\/\/obzor.orlicemb.cz\/subdom\/obzor\/wp-json\/wp\/v2\/categories?post=134"},{"taxonomy":"post_tag","embeddable":true,"href":"https:\/\/obzor.orlicemb.cz\/subdom\/obzor\/wp-json\/wp\/v2\/tags?post=134"}],"curies":[{"name":"wp","href":"https:\/\/api.w.org\/{rel}","templated":true}]}}