{"id":216,"date":"2017-09-23T00:13:38","date_gmt":"2017-09-22T23:13:38","guid":{"rendered":"http:\/\/obzor.orlicemb.cz\/subdom\/obzor\/?p=216"},"modified":"2017-11-21T00:12:51","modified_gmt":"2017-11-20T23:12:51","slug":"seznam-akci","status":"publish","type":"post","link":"https:\/\/obzor.orlicemb.cz\/subdom\/obzor\/seznam-akci\/","title":{"rendered":"Seznam akc\u00ed"},"content":{"rendered":"<p>22. \u2013 23. 9. 2017 \u2013 Zahajovac\u00ed akce<br \/>\n14. 10. 2017 \u2013 Posv\u00edcensk\u00fd pr\u016fvod<br \/>\n20. \u2013 22. 10. 2017 \u2013 Krajsk\u00e9 roversk\u00e9 setk\u00e1n\u00ed\/Informa\u010dn\u00ed ve\u010der o kurzech<br \/>\n28. 10. 2017 \u2013 Kladen\u00ed v\u011bnc\u016f<br \/>\n4. \u2013 5. 11. 2017 \u2013 Informa\u010dn\u00ed ve\u010der o kurzech (pokud by bylo krajsk\u00e9 setk\u00e1n\u00ed)<br \/>\n<strong>10. \u2013 12. 11. 2017 \u2013 Roversk\u00e1 v\u00fdprava<\/strong> \u2013 \u00fa\u010dast nutn\u00e1<br \/>\n<strong>17. 11. 2017 \u2013 St\u0159ediskov\u00e1 hra po m\u011bst\u011b<\/strong> &#8211; kmen to organizuje (u\u017e\u0161\u00ed vym\u00fd\u0161lec\u00ed t\u00fdm: Kuba, Earl, Saimon, Hadam, \u0160etl\u00ed, Pard\u00e1l, Steve, Adam V.)<br \/>\n1.\u2013 3. 12. 2017 \u2013 Mikul\u00e1\u0161sk\u00fd v\u00edkend v Praze<br \/>\no Earl, Steve, Pard\u00e1l, Hadam&#8230;<br \/>\n<strong>8. \u2013 9. 12. 2017 \u2013 P\u0159esp\u00e1va\u010dka v klubovn\u011b<\/strong><br \/>\n17. 12. 2017 \u2013 Rozvoz Betl\u00e9msk\u00e9ho sv\u011btla<br \/>\nKolem 16. \u2013 17. 12. \u2013 Kav\u00e1rna &#8211; vymyslet p\u0159\u00edsp\u011bvek do kav\u00e1rny<br \/>\nProsinec\u00a0\u2013 Sb\u011br jmel\u00ed<br \/>\n23. 12.\u00a0\u2013 V\u00e1no\u010dn\u00ed bes\u00eddka<br \/>\nProsinec\u00a0\u2013 Bruslen\u00ed<\/p>\n","protected":false},"excerpt":{"rendered":"<p>22. \u2013 23. 9. 2017 \u2013 Zahajovac\u00ed akce 14. 10. 2017 \u2013 Posv\u00edcensk\u00fd pr\u016fvod 20. \u2013 22. 10. 2017 \u2013 Krajsk\u00e9 roversk\u00e9 setk\u00e1n\u00ed\/Informa\u010dn\u00ed ve\u010der o kurzech 28. 10. 2017 \u2013 Kladen\u00ed v\u011bnc\u016f 4. \u2013 5. 11. 2017 \u2013 Informa\u010dn\u00ed ve\u010der o kurzech (pokud by bylo krajsk\u00e9 setk\u00e1n\u00ed) 10. \u2013 12. 11. 2017 \u2013 Roversk\u00e1 v\u00fdprava [&hellip;]<\/p>\n","protected":false},"author":4,"featured_media":16,"comment_status":"open","ping_status":"open","sticky":false,"template":"","format":"standard","meta":{"footnotes":""},"categories":[1],"tags":[],"class_list":["post-216","post","type-post","status-publish","format-standard","has-post-thumbnail","hentry","category-nezarazene"],"acf":[],"_links":{"self":[{"href":"https:\/\/obzor.orlicemb.cz\/subdom\/obzor\/wp-json\/wp\/v2\/posts\/216","targetHints":{"allow":["GET"]}}],"collection":[{"href":"https:\/\/obzor.orlicemb.cz\/subdom\/obzor\/wp-json\/wp\/v2\/posts"}],"about":[{"href":"https:\/\/obzor.orlicemb.cz\/subdom\/obzor\/wp-json\/wp\/v2\/types\/post"}],"author":[{"embeddable":true,"href":"https:\/\/obzor.orlicemb.cz\/subdom\/obzor\/wp-json\/wp\/v2\/users\/4"}],"replies":[{"embeddable":true,"href":"https:\/\/obzor.orlicemb.cz\/subdom\/obzor\/wp-json\/wp\/v2\/comments?post=216"}],"version-history":[{"count":1,"href":"https:\/\/obzor.orlicemb.cz\/subdom\/obzor\/wp-json\/wp\/v2\/posts\/216\/revisions"}],"predecessor-version":[{"id":217,"href":"https:\/\/obzor.orlicemb.cz\/subdom\/obzor\/wp-json\/wp\/v2\/posts\/216\/revisions\/217"}],"wp:featuredmedia":[{"embeddable":true,"href":"https:\/\/obzor.orlicemb.cz\/subdom\/obzor\/wp-json\/wp\/v2\/media\/16"}],"wp:attachment":[{"href":"https:\/\/obzor.orlicemb.cz\/subdom\/obzor\/wp-json\/wp\/v2\/media?parent=216"}],"wp:term":[{"taxonomy":"category","embeddable":true,"href":"https:\/\/obzor.orlicemb.cz\/subdom\/obzor\/wp-json\/wp\/v2\/categories?post=216"},{"taxonomy":"post_tag","embeddable":true,"href":"https:\/\/obzor.orlicemb.cz\/subdom\/obzor\/wp-json\/wp\/v2\/tags?post=216"}],"curies":[{"name":"wp","href":"https:\/\/api.w.org\/{rel}","templated":true}]}}